{"id":9602,"date":"2026-03-12T18:05:26","date_gmt":"2026-03-12T17:05:26","guid":{"rendered":"https:\/\/www.mesrideaux.fr\/blog\/?p=9602"},"modified":"2026-03-12T18:05:27","modified_gmt":"2026-03-12T17:05:27","slug":"nos-fleurs-pour-le-printemps","status":"publish","type":"post","link":"https:\/\/www.mesrideaux.fr\/blog\/nos-fleurs-pour-le-printemps\/","title":{"rendered":"Nos fleurs pour le printemps"},"content":{"rendered":"\n<p>Avec l\u2019arriv\u00e9e du printemps, la nature se r\u00e9veille et invite la lumi\u00e8re, la couleur et la fra\u00eecheur dans nos int\u00e9rieurs. C\u2019est le moment id\u00e9al pour insuffler une atmosph\u00e8re plus douce et vivante \u00e0 son espace de vie. Parmi les th\u00e8mes incontournables qui accompagnent cette saison, les tissus \u00e0 motifs floraux occupent une place de choix. Intemporels et toujours renouvel\u00e9s, ils permettent d\u2019apporter une touche naturelle et \u00e9l\u00e9gante \u00e0 chaque pi\u00e8ce de la maison. Rideaux, coussins, stores ou encore accessoires d\u00e9coratifs : les fleurs s\u2019invitent sur les textiles pour transformer l\u2019ambiance et c\u00e9l\u00e9brer le retour des beaux jours.<\/p>\n\n\n\n<h2 class=\"wp-block-heading\">Pourquoi int\u00e9grer des motifs floraux \u00e0 sa d\u00e9coration ?<\/h2>\n\n\n\n<p>Les motifs floraux poss\u00e8dent un pouvoir d\u00e9coratif certain. Inspir\u00e9s de la nature, ils apportent imm\u00e9diatement de la douceur, de la po\u00e9sie et une sensation de fra\u00eecheur dans un int\u00e9rieur. Selon leur style, ils peuvent cr\u00e9er des ambiances tr\u00e8s diff\u00e9rentes : des fleurs d\u00e9licates et discr\u00e8tes pour une atmosph\u00e8re romantique, des imprim\u00e9s botaniques pour une d\u00e9coration naturelle et apaisante, ou encore des motifs plus graphiques et color\u00e9s pour dynamiser une pi\u00e8ce. Les tissus fleuris ont \u00e9galement l\u2019avantage de s\u2019adapter \u00e0 de nombreux styles d\u00e9coratifs, du classique au contemporain, en passant par l\u2019esprit campagne chic ou boh\u00e8me. Utiliser les motifs floraux est une fa\u00e7on de changer un peu des unis, tout en restant dans un territoire balis\u00e9 (c\u2019est une valeur s\u00fbre, un classique) et adaptable (avec des fleurs pour tous les go\u00fbts). Si les amoureux des motifs fleuris les adopteront en rideaux dont on profite toute l\u2019ann\u00e9e, &nbsp;ceux qui d\u00e9sirent seulement introduire une note printani\u00e8re dans leur int\u00e9rieur peuvent le faire avec des coussins, un couvre-lit. Vous pouvez nous contacter si vous avez besoin d\u2019aide ou de conseils pour cr\u00e9er vos produits textiles sur mesure \u00e0 partir de nos tissus. Mais d\u2019abord, laissez-nous vous pr\u00e9senter quelques beaux sp\u00e9cimens des mod\u00e8les en question.<\/p>\n\n\n\n<h2 class=\"wp-block-heading\">Motif fleurs 1&nbsp;: Idris (Th\u00e9venon)<\/h2>\n\n\n<div class=\"wp-block-image\">\n<figure class=\"aligncenter size-large\"><a href=\"https:\/\/www.mesrideaux.fr\/tissu-au-metre-idris-moutarde-gris-fond-ocean-sur-lin\" target=\"_blank\" rel=\" noreferrer noopener\"><img decoding=\"async\" width=\"1024\" height=\"824\" src=\"https:\/\/www.mesrideaux.fr\/blog\/wp-content\/uploads\/2026\/03\/Idris-moutardegris-fond-ocean-sur-lin-Thevenon-1024x824.jpg\" alt=\"\" class=\"wp-image-9615\" srcset=\"https:\/\/www.mesrideaux.fr\/blog\/wp-content\/uploads\/2026\/03\/Idris-moutardegris-fond-ocean-sur-lin-Thevenon-1024x824.jpg 1024w, https:\/\/www.mesrideaux.fr\/blog\/wp-content\/uploads\/2026\/03\/Idris-moutardegris-fond-ocean-sur-lin-Thevenon-300x241.jpg 300w, https:\/\/www.mesrideaux.fr\/blog\/wp-content\/uploads\/2026\/03\/Idris-moutardegris-fond-ocean-sur-lin-Thevenon-770x620.jpg 770w, https:\/\/www.mesrideaux.fr\/blog\/wp-content\/uploads\/2026\/03\/Idris-moutardegris-fond-ocean-sur-lin-Thevenon-195x157.jpg 195w, https:\/\/www.mesrideaux.fr\/blog\/wp-content\/uploads\/2026\/03\/Idris-moutardegris-fond-ocean-sur-lin-Thevenon-500x402.jpg 500w, https:\/\/www.mesrideaux.fr\/blog\/wp-content\/uploads\/2026\/03\/Idris-moutardegris-fond-ocean-sur-lin-Thevenon-293x236.jpg 293w, https:\/\/www.mesrideaux.fr\/blog\/wp-content\/uploads\/2026\/03\/Idris-moutardegris-fond-ocean-sur-lin-Thevenon-1400x1127.jpg 1400w, https:\/\/www.mesrideaux.fr\/blog\/wp-content\/uploads\/2026\/03\/Idris-moutardegris-fond-ocean-sur-lin-Thevenon.jpg 1491w\" sizes=\"(max-width: 1024px) 100vw, 1024px\" \/><\/a><figcaption class=\"wp-element-caption\"><em>Idris moutarde gris fond ocean sur lin, The\u0301venon<\/em><\/figcaption><\/figure><\/div>\n\n\n<p>Cet \u00e9tonnant dessin aux grands motifs graphiques se d\u00e9ploie sur trois supports&nbsp;: toile de coton, toile de lin et velours, avec des coloris sp\u00e9cifiques. Le coton est serr\u00e9, un peu raide, costaud, quand le lin est plus mou mais l\u00e0 encore avec une main \u00e9paisse propre aux tissus d\u2019ameublement&nbsp;; son rendu est chic d\u00e9contract\u00e9 (le coton est plus lisse et \u00ab&nbsp;s\u00e9rieux&nbsp;\u00bb).&nbsp; Le velours quant \u00e0 lui incarne une version riche et chatoyante, avec un support \u00e0 poils courts et serr\u00e9s tr\u00e8s adapt\u00e9 \u00e0 l\u2019impression. Les trac\u00e9s qui remplissent les motifs leur donnent, subtilement, un c\u00f4t\u00e9 ethnique sans \u00eatre trop marqu\u00e9.<\/p>\n\n\n\n<h2 class=\"wp-block-heading\">Motif fleurs 2&nbsp;: Brocart d\u00e9coratif (Designers Guild)<\/h2>\n\n\n<div class=\"wp-block-image\">\n<figure class=\"aligncenter size-full\"><a href=\"https:\/\/www.mesrideaux.fr\/tissu-au-metre-brocart-decoratif-fuchsia\" target=\"_blank\" rel=\" noreferrer noopener\"><img decoding=\"async\" width=\"1024\" height=\"1024\" src=\"https:\/\/www.mesrideaux.fr\/blog\/wp-content\/uploads\/2026\/03\/Brocart-decoratif-fuchsia-Designers-Guild.jpg\" alt=\"\" class=\"wp-image-9613\" srcset=\"https:\/\/www.mesrideaux.fr\/blog\/wp-content\/uploads\/2026\/03\/Brocart-decoratif-fuchsia-Designers-Guild.jpg 1024w, https:\/\/www.mesrideaux.fr\/blog\/wp-content\/uploads\/2026\/03\/Brocart-decoratif-fuchsia-Designers-Guild-300x300.jpg 300w, https:\/\/www.mesrideaux.fr\/blog\/wp-content\/uploads\/2026\/03\/Brocart-decoratif-fuchsia-Designers-Guild-100x100.jpg 100w, https:\/\/www.mesrideaux.fr\/blog\/wp-content\/uploads\/2026\/03\/Brocart-decoratif-fuchsia-Designers-Guild-770x770.jpg 770w, https:\/\/www.mesrideaux.fr\/blog\/wp-content\/uploads\/2026\/03\/Brocart-decoratif-fuchsia-Designers-Guild-195x195.jpg 195w, https:\/\/www.mesrideaux.fr\/blog\/wp-content\/uploads\/2026\/03\/Brocart-decoratif-fuchsia-Designers-Guild-500x500.jpg 500w, https:\/\/www.mesrideaux.fr\/blog\/wp-content\/uploads\/2026\/03\/Brocart-decoratif-fuchsia-Designers-Guild-293x293.jpg 293w, https:\/\/www.mesrideaux.fr\/blog\/wp-content\/uploads\/2026\/03\/Brocart-decoratif-fuchsia-Designers-Guild-390x390.jpg 390w, https:\/\/www.mesrideaux.fr\/blog\/wp-content\/uploads\/2026\/03\/Brocart-decoratif-fuchsia-Designers-Guild-585x585.jpg 585w, https:\/\/www.mesrideaux.fr\/blog\/wp-content\/uploads\/2026\/03\/Brocart-decoratif-fuchsia-Designers-Guild-900x900.jpg 900w\" sizes=\"(max-width: 1024px) 100vw, 1024px\" \/><\/a><figcaption class=\"wp-element-caption\"><em>Brocart decoratif fuchsia, Designers Guild<\/em><\/figcaption><\/figure><\/div>\n\n\n<p>Le fond blanc (en lin) fait resplendir les coloris acidul\u00e9s des fleurs agenc\u00e9es sym\u00e9triquement avec panache, dans ce mod\u00e8le sign\u00e9 Designers Guild. On a envie de mixer cet imprim\u00e9 avec des unis verts et roses, pourquoi pas dans des mati\u00e8res sophistiqu\u00e9es comme le taffetas, un velours ras ou gaufr\u00e9.<\/p>\n\n\n\n<h2 class=\"wp-block-heading\">Motif fleurs 3&nbsp;: Fiore d\u2019acqua (Designers Guild)<\/h2>\n\n\n<div class=\"wp-block-image\">\n<figure class=\"aligncenter size-full\"><a href=\"https:\/\/www.mesrideaux.fr\/tissu-au-metre-fiore-d-acqua-peony\" target=\"_blank\" rel=\" noreferrer noopener\"><img decoding=\"async\" width=\"1024\" height=\"1024\" src=\"https:\/\/www.mesrideaux.fr\/blog\/wp-content\/uploads\/2026\/03\/Fiore-dacqua-peony-designers-Guild.jpg\" alt=\"\" class=\"wp-image-9612\" srcset=\"https:\/\/www.mesrideaux.fr\/blog\/wp-content\/uploads\/2026\/03\/Fiore-dacqua-peony-designers-Guild.jpg 1024w, https:\/\/www.mesrideaux.fr\/blog\/wp-content\/uploads\/2026\/03\/Fiore-dacqua-peony-designers-Guild-300x300.jpg 300w, https:\/\/www.mesrideaux.fr\/blog\/wp-content\/uploads\/2026\/03\/Fiore-dacqua-peony-designers-Guild-100x100.jpg 100w, https:\/\/www.mesrideaux.fr\/blog\/wp-content\/uploads\/2026\/03\/Fiore-dacqua-peony-designers-Guild-770x770.jpg 770w, https:\/\/www.mesrideaux.fr\/blog\/wp-content\/uploads\/2026\/03\/Fiore-dacqua-peony-designers-Guild-195x195.jpg 195w, https:\/\/www.mesrideaux.fr\/blog\/wp-content\/uploads\/2026\/03\/Fiore-dacqua-peony-designers-Guild-500x500.jpg 500w, https:\/\/www.mesrideaux.fr\/blog\/wp-content\/uploads\/2026\/03\/Fiore-dacqua-peony-designers-Guild-293x293.jpg 293w, https:\/\/www.mesrideaux.fr\/blog\/wp-content\/uploads\/2026\/03\/Fiore-dacqua-peony-designers-Guild-390x390.jpg 390w, https:\/\/www.mesrideaux.fr\/blog\/wp-content\/uploads\/2026\/03\/Fiore-dacqua-peony-designers-Guild-585x585.jpg 585w, https:\/\/www.mesrideaux.fr\/blog\/wp-content\/uploads\/2026\/03\/Fiore-dacqua-peony-designers-Guild-900x900.jpg 900w\" sizes=\"(max-width: 1024px) 100vw, 1024px\" \/><\/a><figcaption class=\"wp-element-caption\"><em>Fiore d&rsquo;acqua peony, designers Guild<\/em><\/figcaption><\/figure><\/div>\n\n\n<p>Disponible en deux coloris, l\u2019un uniquement froid en cama\u00efeux de bleus et verts (Delft), l\u2019autre plus multicolore avec diff\u00e9rents roses, du turquoise, un jaune anis\u00e9, des verts (Peony), ce tissu repr\u00e9sente bien l\u2019imprim\u00e9 floral classique et \u00ab&nbsp;sans faute possible&nbsp;\u00bb. Aussi printanier qu\u2019un morceau de jardin dans votre int\u00e9rieur.<\/p>\n\n\n\n<h2 class=\"wp-block-heading\">Motif fleurs 4&nbsp;: My World (Th\u00e9venon)<\/h2>\n\n\n<div class=\"wp-block-image\">\n<figure class=\"aligncenter size-large\"><a href=\"https:\/\/www.mesrideaux.fr\/tissu-au-metre-my-world-fond-creme\" target=\"_blank\" rel=\" noreferrer noopener\"><img decoding=\"async\" width=\"1024\" height=\"608\" src=\"https:\/\/www.mesrideaux.fr\/blog\/wp-content\/uploads\/2026\/03\/My-world-fond-creme-Thevenon-1024x608.jpg\" alt=\"\" class=\"wp-image-9611\" srcset=\"https:\/\/www.mesrideaux.fr\/blog\/wp-content\/uploads\/2026\/03\/My-world-fond-creme-Thevenon-1024x608.jpg 1024w, https:\/\/www.mesrideaux.fr\/blog\/wp-content\/uploads\/2026\/03\/My-world-fond-creme-Thevenon-300x178.jpg 300w, https:\/\/www.mesrideaux.fr\/blog\/wp-content\/uploads\/2026\/03\/My-world-fond-creme-Thevenon-770x457.jpg 770w, https:\/\/www.mesrideaux.fr\/blog\/wp-content\/uploads\/2026\/03\/My-world-fond-creme-Thevenon-1536x912.jpg 1536w, https:\/\/www.mesrideaux.fr\/blog\/wp-content\/uploads\/2026\/03\/My-world-fond-creme-Thevenon-195x116.jpg 195w, https:\/\/www.mesrideaux.fr\/blog\/wp-content\/uploads\/2026\/03\/My-world-fond-creme-Thevenon-500x297.jpg 500w, https:\/\/www.mesrideaux.fr\/blog\/wp-content\/uploads\/2026\/03\/My-world-fond-creme-Thevenon-293x174.jpg 293w, https:\/\/www.mesrideaux.fr\/blog\/wp-content\/uploads\/2026\/03\/My-world-fond-creme-Thevenon-1400x831.jpg 1400w, https:\/\/www.mesrideaux.fr\/blog\/wp-content\/uploads\/2026\/03\/My-world-fond-creme-Thevenon.jpg 2021w\" sizes=\"(max-width: 1024px) 100vw, 1024px\" \/><\/a><figcaption class=\"wp-element-caption\"><em>My world fond cre\u0300me, The\u0301venon<\/em><\/figcaption><\/figure><\/div>\n\n\n<p>Naturaliste et puissant, My World impose ses grandes fleurs majestueuses, superbement dessin\u00e9es, sur un fond blanc tr\u00e8s frais, un vert fonc\u00e9 aux sensations herbac\u00e9es, un rouge framboise rond et gourmand, ou un marine contrast\u00e9. Des options bien diff\u00e9rentes pour votre d\u00e9coration.<\/p>\n\n\n\n<h2 class=\"wp-block-heading\">Motif fleurs 5&nbsp;: Jardin des secrets (Th\u00e9venon)<\/h2>\n\n\n<div class=\"wp-block-image\">\n<figure class=\"aligncenter size-large\"><a href=\"https:\/\/www.mesrideaux.fr\/tissu-au-metre-jardin-des-secrets-fond-vert-d-eau\" target=\"_blank\" rel=\" noreferrer noopener\"><img decoding=\"async\" width=\"1024\" height=\"608\" src=\"https:\/\/www.mesrideaux.fr\/blog\/wp-content\/uploads\/2026\/03\/Jardin-des-secrets-fond-vert-deau-Thevenon-1024x608.jpg\" alt=\"\" class=\"wp-image-9610\" srcset=\"https:\/\/www.mesrideaux.fr\/blog\/wp-content\/uploads\/2026\/03\/Jardin-des-secrets-fond-vert-deau-Thevenon-1024x608.jpg 1024w, https:\/\/www.mesrideaux.fr\/blog\/wp-content\/uploads\/2026\/03\/Jardin-des-secrets-fond-vert-deau-Thevenon-300x178.jpg 300w, https:\/\/www.mesrideaux.fr\/blog\/wp-content\/uploads\/2026\/03\/Jardin-des-secrets-fond-vert-deau-Thevenon-770x457.jpg 770w, https:\/\/www.mesrideaux.fr\/blog\/wp-content\/uploads\/2026\/03\/Jardin-des-secrets-fond-vert-deau-Thevenon-1536x912.jpg 1536w, https:\/\/www.mesrideaux.fr\/blog\/wp-content\/uploads\/2026\/03\/Jardin-des-secrets-fond-vert-deau-Thevenon-195x116.jpg 195w, https:\/\/www.mesrideaux.fr\/blog\/wp-content\/uploads\/2026\/03\/Jardin-des-secrets-fond-vert-deau-Thevenon-500x297.jpg 500w, https:\/\/www.mesrideaux.fr\/blog\/wp-content\/uploads\/2026\/03\/Jardin-des-secrets-fond-vert-deau-Thevenon-293x174.jpg 293w, https:\/\/www.mesrideaux.fr\/blog\/wp-content\/uploads\/2026\/03\/Jardin-des-secrets-fond-vert-deau-Thevenon-1400x831.jpg 1400w, https:\/\/www.mesrideaux.fr\/blog\/wp-content\/uploads\/2026\/03\/Jardin-des-secrets-fond-vert-deau-Thevenon.jpg 2021w\" sizes=\"(max-width: 1024px) 100vw, 1024px\" \/><\/a><figcaption class=\"wp-element-caption\"><em>Jardin des secrets fond vert d&rsquo;eau, The\u0301venon<\/em><\/figcaption><\/figure><\/div>\n\n\n<p>Bucolique, souple, fluide, enj\u00f4leur, cet imprim\u00e9 champ\u00eatre vous est propos\u00e9 par l\u2019\u00e9diteur haut de gamme accessible sp\u00e9cialiste des beaux imprim\u00e9s Th\u00e9venon, avec un fond blanc, un vert d\u2019eau tr\u00e8s doux, un orange tomette tonique, un bleu orageux bien calibr\u00e9. Gageons qu\u2019un tel tissu vous fasse sentir bien chez vous&nbsp;!<\/p>\n\n\n\n<h2 class=\"wp-block-heading\">Motif fleurs 6&nbsp;: Kimono Flowers (Th\u00e9venon)<\/h2>\n\n\n<div class=\"wp-block-image\">\n<figure class=\"aligncenter size-full\"><a href=\"https:\/\/www.mesrideaux.fr\/coussin-kimono-flowers-fond-creme\" target=\"_blank\" rel=\" noreferrer noopener\"><img decoding=\"async\" width=\"533\" height=\"799\" src=\"https:\/\/www.mesrideaux.fr\/blog\/wp-content\/uploads\/2026\/03\/Coussin-kimono-flowers-fond-creme-Thevenon.jpg\" alt=\"\" class=\"wp-image-9607\" srcset=\"https:\/\/www.mesrideaux.fr\/blog\/wp-content\/uploads\/2026\/03\/Coussin-kimono-flowers-fond-creme-Thevenon.jpg 533w, https:\/\/www.mesrideaux.fr\/blog\/wp-content\/uploads\/2026\/03\/Coussin-kimono-flowers-fond-creme-Thevenon-200x300.jpg 200w, https:\/\/www.mesrideaux.fr\/blog\/wp-content\/uploads\/2026\/03\/Coussin-kimono-flowers-fond-creme-Thevenon-130x195.jpg 130w, https:\/\/www.mesrideaux.fr\/blog\/wp-content\/uploads\/2026\/03\/Coussin-kimono-flowers-fond-creme-Thevenon-500x750.jpg 500w, https:\/\/www.mesrideaux.fr\/blog\/wp-content\/uploads\/2026\/03\/Coussin-kimono-flowers-fond-creme-Thevenon-293x439.jpg 293w\" sizes=\"(max-width: 533px) 100vw, 533px\" \/><\/a><figcaption class=\"wp-element-caption\"><em>Coussin kimono flowers fond creme, The\u0301venon<\/em><\/figcaption><\/figure><\/div>\n\n<div class=\"wp-block-image\">\n<figure class=\"aligncenter size-full\"><a href=\"https:\/\/www.mesrideaux.fr\/rideau-kimono-flowers-fond-or\" target=\"_blank\" rel=\" noreferrer noopener\"><img decoding=\"async\" width=\"533\" height=\"799\" src=\"https:\/\/www.mesrideaux.fr\/blog\/wp-content\/uploads\/2026\/03\/Rideau-kimono-flowers-fond-or-Thevenon.jpg\" alt=\"\" class=\"wp-image-9606\" srcset=\"https:\/\/www.mesrideaux.fr\/blog\/wp-content\/uploads\/2026\/03\/Rideau-kimono-flowers-fond-or-Thevenon.jpg 533w, https:\/\/www.mesrideaux.fr\/blog\/wp-content\/uploads\/2026\/03\/Rideau-kimono-flowers-fond-or-Thevenon-200x300.jpg 200w, https:\/\/www.mesrideaux.fr\/blog\/wp-content\/uploads\/2026\/03\/Rideau-kimono-flowers-fond-or-Thevenon-130x195.jpg 130w, https:\/\/www.mesrideaux.fr\/blog\/wp-content\/uploads\/2026\/03\/Rideau-kimono-flowers-fond-or-Thevenon-500x750.jpg 500w, https:\/\/www.mesrideaux.fr\/blog\/wp-content\/uploads\/2026\/03\/Rideau-kimono-flowers-fond-or-Thevenon-293x439.jpg 293w\" sizes=\"(max-width: 533px) 100vw, 533px\" \/><\/a><figcaption class=\"wp-element-caption\"><em>Rideau Kimono flowers fond or, The\u0301venon<\/em><\/figcaption><\/figure><\/div>\n\n\n<p>Si vous cherchez de l\u2019\u00e9clat, un c\u00f4t\u00e9 presque festif de l\u2019imprim\u00e9 floral, c\u2019est celui-ci qu\u2019il vous faut, que ce soit sur fond blanc, rouge laque ou beige dor\u00e9. Chaque motif s\u2019emplit de mini motifs, pour un caract\u00e8re tr\u00e8s d\u00e9coratif.<\/p>\n\n\n\n<h2 class=\"wp-block-heading\">Motif fleurs 7&nbsp;: Indienne (Th\u00e9venon)<\/h2>\n\n\n<div class=\"wp-block-image\">\n<figure class=\"aligncenter size-full\"><a href=\"https:\/\/www.mesrideaux.fr\/tissu-au-metre-indienne-fond-creme\" target=\"_blank\" rel=\" noreferrer noopener\"><img decoding=\"async\" width=\"533\" height=\"799\" src=\"https:\/\/www.mesrideaux.fr\/blog\/wp-content\/uploads\/2026\/03\/Indienne-fond-creme-Thevenon.jpg\" alt=\"\" class=\"wp-image-9609\" srcset=\"https:\/\/www.mesrideaux.fr\/blog\/wp-content\/uploads\/2026\/03\/Indienne-fond-creme-Thevenon.jpg 533w, https:\/\/www.mesrideaux.fr\/blog\/wp-content\/uploads\/2026\/03\/Indienne-fond-creme-Thevenon-200x300.jpg 200w, https:\/\/www.mesrideaux.fr\/blog\/wp-content\/uploads\/2026\/03\/Indienne-fond-creme-Thevenon-130x195.jpg 130w, https:\/\/www.mesrideaux.fr\/blog\/wp-content\/uploads\/2026\/03\/Indienne-fond-creme-Thevenon-500x750.jpg 500w, https:\/\/www.mesrideaux.fr\/blog\/wp-content\/uploads\/2026\/03\/Indienne-fond-creme-Thevenon-293x439.jpg 293w\" sizes=\"(max-width: 533px) 100vw, 533px\" \/><\/a><figcaption class=\"wp-element-caption\"><em>Indienne fond cre\u0300me, The\u0301venon<\/em><\/figcaption><\/figure><\/div>\n\n\n<p>Charnues, imposantes, denses, stylis\u00e9es, les fleurs du mod\u00e8le Indienne s\u2019\u00e9cartent de la repr\u00e9sentation fid\u00e8le de ce qui se passe dans les jardins et prairies et convoquent la tradition des toiles imprim\u00e9es ramen\u00e9es des comptoirs d\u2019Inde, avec une revisite par l\u2019\u00e9chelle, l\u2019aplomb, l\u2019\u00e9pure. Ce sont des fleurs pour toutes les saisons.<\/p>\n\n\n\n<h2 class=\"wp-block-heading\">Motif fleurs 8&nbsp;: Stella (Toiles de Mayenne)<\/h2>\n\n\n<div class=\"wp-block-image\">\n<figure class=\"aligncenter size-large\"><a href=\"https:\/\/www.mesrideaux.fr\/tissu-au-metre-stella-poudre\" target=\"_blank\" rel=\" noreferrer noopener\"><img decoding=\"async\" width=\"1024\" height=\"1024\" src=\"https:\/\/www.mesrideaux.fr\/blog\/wp-content\/uploads\/2026\/03\/Stella-poudre-Toiles-de-Mayenne-1024x1024.jpg\" alt=\"\" class=\"wp-image-9605\" srcset=\"https:\/\/www.mesrideaux.fr\/blog\/wp-content\/uploads\/2026\/03\/Stella-poudre-Toiles-de-Mayenne-1024x1024.jpg 1024w, https:\/\/www.mesrideaux.fr\/blog\/wp-content\/uploads\/2026\/03\/Stella-poudre-Toiles-de-Mayenne-300x300.jpg 300w, https:\/\/www.mesrideaux.fr\/blog\/wp-content\/uploads\/2026\/03\/Stella-poudre-Toiles-de-Mayenne-100x100.jpg 100w, https:\/\/www.mesrideaux.fr\/blog\/wp-content\/uploads\/2026\/03\/Stella-poudre-Toiles-de-Mayenne-770x770.jpg 770w, https:\/\/www.mesrideaux.fr\/blog\/wp-content\/uploads\/2026\/03\/Stella-poudre-Toiles-de-Mayenne-1536x1536.jpg 1536w, https:\/\/www.mesrideaux.fr\/blog\/wp-content\/uploads\/2026\/03\/Stella-poudre-Toiles-de-Mayenne-2048x2048.jpg 2048w, https:\/\/www.mesrideaux.fr\/blog\/wp-content\/uploads\/2026\/03\/Stella-poudre-Toiles-de-Mayenne-195x195.jpg 195w, https:\/\/www.mesrideaux.fr\/blog\/wp-content\/uploads\/2026\/03\/Stella-poudre-Toiles-de-Mayenne-500x500.jpg 500w, https:\/\/www.mesrideaux.fr\/blog\/wp-content\/uploads\/2026\/03\/Stella-poudre-Toiles-de-Mayenne-293x293.jpg 293w, https:\/\/www.mesrideaux.fr\/blog\/wp-content\/uploads\/2026\/03\/Stella-poudre-Toiles-de-Mayenne-390x390.jpg 390w, https:\/\/www.mesrideaux.fr\/blog\/wp-content\/uploads\/2026\/03\/Stella-poudre-Toiles-de-Mayenne-585x585.jpg 585w, https:\/\/www.mesrideaux.fr\/blog\/wp-content\/uploads\/2026\/03\/Stella-poudre-Toiles-de-Mayenne-900x900.jpg 900w, https:\/\/www.mesrideaux.fr\/blog\/wp-content\/uploads\/2026\/03\/Stella-poudre-Toiles-de-Mayenne-1400x1400.jpg 1400w\" sizes=\"(max-width: 1024px) 100vw, 1024px\" \/><\/a><figcaption class=\"wp-element-caption\"><em>Stella poudre, Toiles de Mayenne<\/em><\/figcaption><\/figure><\/div>\n\n\n<p>Bien rondes, tr\u00e8s simples, ces fleurs de Toiles de Mayenne occupent l\u2019espace au maximum et font un clin d\u2019\u0153il au registre de l\u2019art d\u00e9co (on parlait de \u00ab&nbsp;roses escargots&nbsp;\u00bb pour des roses tr\u00e8s rondes et enroul\u00e9es qu\u2019on retrouvait aussi bien en tissus qu\u2019en vitraux ou ferronneries). Des coloris joliment travaill\u00e9s s\u2019offrent \u00e0 vous avec un rose poudre tendre et cosm\u00e9tique sur fond sombre, un cama\u00efeux or p\u00e2le lumineux, sophistiqu\u00e9 et d\u00e9licat, comme du champagne, un fond \u00e9meraude avec touches brique, un bleu canard tout en cama\u00efeu de bleus classiques.<\/p>\n\n\n\n<h2 class=\"wp-block-heading\">Motif fleurs 9&nbsp;: Giverny (Toiles de Mayenne)<\/h2>\n\n\n<div class=\"wp-block-image\">\n<figure class=\"aligncenter size-large\"><a href=\"https:\/\/www.mesrideaux.fr\/tissu-au-metre-giverny-pivoine\" target=\"_blank\" rel=\" noreferrer noopener\"><img decoding=\"async\" width=\"1024\" height=\"1024\" src=\"https:\/\/www.mesrideaux.fr\/blog\/wp-content\/uploads\/2026\/03\/Giverny-pivoineToiles-de-Mayenne-1024x1024.jpg\" alt=\"\" class=\"wp-image-9604\" srcset=\"https:\/\/www.mesrideaux.fr\/blog\/wp-content\/uploads\/2026\/03\/Giverny-pivoineToiles-de-Mayenne-1024x1024.jpg 1024w, https:\/\/www.mesrideaux.fr\/blog\/wp-content\/uploads\/2026\/03\/Giverny-pivoineToiles-de-Mayenne-300x300.jpg 300w, https:\/\/www.mesrideaux.fr\/blog\/wp-content\/uploads\/2026\/03\/Giverny-pivoineToiles-de-Mayenne-100x100.jpg 100w, https:\/\/www.mesrideaux.fr\/blog\/wp-content\/uploads\/2026\/03\/Giverny-pivoineToiles-de-Mayenne-770x770.jpg 770w, https:\/\/www.mesrideaux.fr\/blog\/wp-content\/uploads\/2026\/03\/Giverny-pivoineToiles-de-Mayenne-1536x1536.jpg 1536w, https:\/\/www.mesrideaux.fr\/blog\/wp-content\/uploads\/2026\/03\/Giverny-pivoineToiles-de-Mayenne-2048x2048.jpg 2048w, https:\/\/www.mesrideaux.fr\/blog\/wp-content\/uploads\/2026\/03\/Giverny-pivoineToiles-de-Mayenne-195x195.jpg 195w, https:\/\/www.mesrideaux.fr\/blog\/wp-content\/uploads\/2026\/03\/Giverny-pivoineToiles-de-Mayenne-500x500.jpg 500w, https:\/\/www.mesrideaux.fr\/blog\/wp-content\/uploads\/2026\/03\/Giverny-pivoineToiles-de-Mayenne-293x293.jpg 293w, https:\/\/www.mesrideaux.fr\/blog\/wp-content\/uploads\/2026\/03\/Giverny-pivoineToiles-de-Mayenne-390x390.jpg 390w, https:\/\/www.mesrideaux.fr\/blog\/wp-content\/uploads\/2026\/03\/Giverny-pivoineToiles-de-Mayenne-585x585.jpg 585w, https:\/\/www.mesrideaux.fr\/blog\/wp-content\/uploads\/2026\/03\/Giverny-pivoineToiles-de-Mayenne-900x900.jpg 900w, https:\/\/www.mesrideaux.fr\/blog\/wp-content\/uploads\/2026\/03\/Giverny-pivoineToiles-de-Mayenne-1400x1400.jpg 1400w\" sizes=\"(max-width: 1024px) 100vw, 1024px\" \/><\/a><figcaption class=\"wp-element-caption\"><em>Giverny pivoine,Toiles de Mayenne<\/em><\/figcaption><\/figure><\/div>\n\n\n<p>Voici un imprim\u00e9 floral avec comme particularit\u00e9 principale sa composition en larges bandes verticales&nbsp;: les fleurs agissent comme des rayures d\u2019un nouveau genre. Un tel dessin se destine \u00e0 priori aux produits de grandes dimensions comme les rideaux&nbsp;: un coussin est toujours envisageable, mais on ne verrait qu\u2019une portion de bande fleurie cadr\u00e9e sur le coussin. Deux coloris&nbsp;; le citron&nbsp;: jaune, bleu et vert,&nbsp; le pivoine \u00e0 l\u2019ambiance plus chaleureuse, avec \u00e0 nouveau du jaune, du bleu et du vert mais aussi de l\u2019orange, du rose poudr\u00e9 et du rouge.<\/p>\n\n\n\n<h2 class=\"wp-block-heading\">Motif fleurs 10&nbsp;: Florence brod\u00e9 (Thevenon)<\/h2>\n\n\n<div class=\"wp-block-image\">\n<figure class=\"aligncenter size-large\"><a href=\"https:\/\/www.mesrideaux.fr\/tissu-au-metre-florence-brode-ecru\" target=\"_blank\" rel=\" noreferrer noopener\"><img decoding=\"async\" width=\"1024\" height=\"683\" src=\"https:\/\/www.mesrideaux.fr\/blog\/wp-content\/uploads\/2026\/03\/FLORENCE-BRODE-ECRU-1024x683.jpg\" alt=\"\" class=\"wp-image-9614\" srcset=\"https:\/\/www.mesrideaux.fr\/blog\/wp-content\/uploads\/2026\/03\/FLORENCE-BRODE-ECRU-1024x683.jpg 1024w, https:\/\/www.mesrideaux.fr\/blog\/wp-content\/uploads\/2026\/03\/FLORENCE-BRODE-ECRU-300x200.jpg 300w, https:\/\/www.mesrideaux.fr\/blog\/wp-content\/uploads\/2026\/03\/FLORENCE-BRODE-ECRU-770x513.jpg 770w, https:\/\/www.mesrideaux.fr\/blog\/wp-content\/uploads\/2026\/03\/FLORENCE-BRODE-ECRU-1536x1024.jpg 1536w, https:\/\/www.mesrideaux.fr\/blog\/wp-content\/uploads\/2026\/03\/FLORENCE-BRODE-ECRU-195x130.jpg 195w, https:\/\/www.mesrideaux.fr\/blog\/wp-content\/uploads\/2026\/03\/FLORENCE-BRODE-ECRU-500x333.jpg 500w, https:\/\/www.mesrideaux.fr\/blog\/wp-content\/uploads\/2026\/03\/FLORENCE-BRODE-ECRU-1155x770.jpg 1155w, https:\/\/www.mesrideaux.fr\/blog\/wp-content\/uploads\/2026\/03\/FLORENCE-BRODE-ECRU-370x247.jpg 370w, https:\/\/www.mesrideaux.fr\/blog\/wp-content\/uploads\/2026\/03\/FLORENCE-BRODE-ECRU-293x195.jpg 293w, https:\/\/www.mesrideaux.fr\/blog\/wp-content\/uploads\/2026\/03\/FLORENCE-BRODE-ECRU-1400x933.jpg 1400w, https:\/\/www.mesrideaux.fr\/blog\/wp-content\/uploads\/2026\/03\/FLORENCE-BRODE-ECRU.jpg 1800w\" sizes=\"(max-width: 1024px) 100vw, 1024px\" \/><\/a><figcaption class=\"wp-element-caption\"><em>Florence brod\u00e9 \u00e9cru, Th\u00e9venon<\/em><\/figcaption><\/figure><\/div>\n\n\n<p>Et parce que toutes les fleurs ne sont pas forc\u00e9ment imprim\u00e9es, nous finissons avec ce mod\u00e8le classique et cossu aux coloris neutres, o\u00f9 les motifs apparaissent avec un l\u00e9ger relief d\u00fb \u00e0 la technique brod\u00e9e. Il s\u2019agit plut\u00f4t de fleurs pour toute l\u2019ann\u00e9e que pour c\u00e9l\u00e9brer le printemps, avec d\u2019ailleurs un c\u00f4t\u00e9 assez chaleureux.<\/p>\n\n\n\n<h2 class=\"wp-block-heading\">De nombreux autres tissus floraux \u00e0 d\u00e9couvrir&nbsp;!<\/h2>\n\n\n\n<p>Nous arr\u00eatons l\u00e0 notre tour d\u2019horizon des tissus floraux en vente sur notre site MesRideaux et \u00e0 disposition pour vos projets de d\u00e9coration, mais il existe encore beaucoup d\u2019autres mod\u00e8les, avec chacun leur style et leur charme&nbsp;! Lors de votre visite sur notre site, n\u2019h\u00e9sitez pas \u00e0 utiliser les filtres pour affiner votre recherche. Nous sommes aussi bien entendu \u00e0 votre disposition sur nos diff\u00e9rents canaux de communication.<\/p>\n","protected":false},"excerpt":{"rendered":"<p>Avec l\u2019arriv\u00e9e du printemps, la nature se r\u00e9veille et invite la lumi\u00e8re, la couleur et la fra\u00eecheur dans nos int\u00e9rieurs. C\u2019est le moment id\u00e9al pour insuffler une atmosph\u00e8re plus douce et vivante \u00e0 son espace de vie. Parmi les th\u00e8mes incontournables qui accompagnent cette saison, les tissus \u00e0 motifs floraux occupent une place de choix. Intemporels et toujours renouvel\u00e9s, ils permettent d\u2019apporter une touche naturelle et \u00e9l\u00e9gante \u00e0 chaque pi\u00e8ce de la maison. Rideaux, coussins, stores ou encore accessoires d\u00e9coratifs [&hellip;]<\/p>\n","protected":false},"author":2,"featured_media":9603,"comment_status":"closed","ping_status":"closed","sticky":false,"template":"","format":"standard","meta":{"_acf_changed":false,"inline_featured_image":false,"_jetpack_memberships_contains_paid_content":false,"footnotes":""},"categories":[1],"tags":[],"class_list":["post-9602","post","type-post","status-publish","format-standard","has-post-thumbnail","hentry","category-non-classe"],"yoast_head":"<!-- This site is optimized with the Yoast SEO plugin v26.1.1 - https:\/\/yoast.com\/wordpress\/plugins\/seo\/ -->\n<title>Nos fleurs pour le printemps - Mes Rideaux Blog<\/title>\n<meta name=\"description\" content=\"Une s\u00e9lection printani\u00e8re de nos plus beaux tissus \u00e0 fleurs en vente sur le site MesRideaux ou \u00e0 confectionner sur mesure\" \/>\n<meta name=\"robots\" content=\"index, follow, max-snippet:-1, max-image-preview:large, max-video-preview:-1\" \/>\n<link rel=\"canonical\" href=\"https:\/\/www.mesrideaux.fr\/blog\/nos-fleurs-pour-le-printemps\/\" \/>\n<meta property=\"og:locale\" content=\"fr_FR\" \/>\n<meta property=\"og:type\" content=\"article\" \/>\n<meta property=\"og:title\" content=\"Nos fleurs pour le printemps - Mes Rideaux Blog\" \/>\n<meta property=\"og:description\" content=\"Une s\u00e9lection printani\u00e8re de nos plus beaux tissus \u00e0 fleurs en vente sur le site MesRideaux ou \u00e0 confectionner sur mesure\" \/>\n<meta property=\"og:url\" content=\"https:\/\/www.mesrideaux.fr\/blog\/nos-fleurs-pour-le-printemps\/\" \/>\n<meta property=\"og:site_name\" content=\"Mes Rideaux Blog\" \/>\n<meta property=\"article:published_time\" content=\"2026-03-12T17:05:26+00:00\" \/>\n<meta property=\"article:modified_time\" content=\"2026-03-12T17:05:27+00:00\" \/>\n<meta property=\"og:image\" content=\"https:\/\/www.mesrideaux.fr\/blog\/wp-content\/uploads\/2026\/03\/Giverny-pivoine-detail-toiles-de-Mayenne-scaled.jpg\" \/>\n\t<meta property=\"og:image:width\" content=\"2560\" \/>\n\t<meta property=\"og:image:height\" content=\"2560\" \/>\n\t<meta property=\"og:image:type\" content=\"image\/jpeg\" \/>\n<meta name=\"author\" content=\"mesrideauxfrBLOG\" \/>\n<meta name=\"twitter:card\" content=\"summary_large_image\" \/>\n<meta name=\"twitter:label1\" content=\"Written by\" \/>\n\t<meta name=\"twitter:data1\" content=\"mesrideauxfrBLOG\" \/>\n\t<meta name=\"twitter:label2\" content=\"Est. reading time\" \/>\n\t<meta name=\"twitter:data2\" content=\"9 minutes\" \/>\n<script type=\"application\/ld+json\" class=\"yoast-schema-graph\">{\"@context\":\"https:\/\/schema.org\",\"@graph\":[{\"@type\":\"WebPage\",\"@id\":\"https:\/\/www.mesrideaux.fr\/blog\/nos-fleurs-pour-le-printemps\/\",\"url\":\"https:\/\/www.mesrideaux.fr\/blog\/nos-fleurs-pour-le-printemps\/\",\"name\":\"Nos fleurs pour le printemps - Mes Rideaux Blog\",\"isPartOf\":{\"@id\":\"https:\/\/www.mesrideaux.fr\/blog\/#website\"},\"primaryImageOfPage\":{\"@id\":\"https:\/\/www.mesrideaux.fr\/blog\/nos-fleurs-pour-le-printemps\/#primaryimage\"},\"image\":{\"@id\":\"https:\/\/www.mesrideaux.fr\/blog\/nos-fleurs-pour-le-printemps\/#primaryimage\"},\"thumbnailUrl\":\"https:\/\/www.mesrideaux.fr\/blog\/wp-content\/uploads\/2026\/03\/Giverny-pivoine-detail-toiles-de-Mayenne-scaled.jpg\",\"datePublished\":\"2026-03-12T17:05:26+00:00\",\"dateModified\":\"2026-03-12T17:05:27+00:00\",\"author\":{\"@id\":\"https:\/\/www.mesrideaux.fr\/blog\/#\/schema\/person\/27c60b0fb63f3b89f288ee64bda16804\"},\"description\":\"Une s\u00e9lection printani\u00e8re de nos plus beaux tissus \u00e0 fleurs en vente sur le site MesRideaux ou \u00e0 confectionner sur mesure\",\"breadcrumb\":{\"@id\":\"https:\/\/www.mesrideaux.fr\/blog\/nos-fleurs-pour-le-printemps\/#breadcrumb\"},\"inLanguage\":\"fr-FR\",\"potentialAction\":[{\"@type\":\"ReadAction\",\"target\":[\"https:\/\/www.mesrideaux.fr\/blog\/nos-fleurs-pour-le-printemps\/\"]}]},{\"@type\":\"ImageObject\",\"inLanguage\":\"fr-FR\",\"@id\":\"https:\/\/www.mesrideaux.fr\/blog\/nos-fleurs-pour-le-printemps\/#primaryimage\",\"url\":\"https:\/\/www.mesrideaux.fr\/blog\/wp-content\/uploads\/2026\/03\/Giverny-pivoine-detail-toiles-de-Mayenne-scaled.jpg\",\"contentUrl\":\"https:\/\/www.mesrideaux.fr\/blog\/wp-content\/uploads\/2026\/03\/Giverny-pivoine-detail-toiles-de-Mayenne-scaled.jpg\",\"width\":2560,\"height\":2560,\"caption\":\"Rideau fleuri Giverny pivoine, toiles de Mayenne\"},{\"@type\":\"BreadcrumbList\",\"@id\":\"https:\/\/www.mesrideaux.fr\/blog\/nos-fleurs-pour-le-printemps\/#breadcrumb\",\"itemListElement\":[{\"@type\":\"ListItem\",\"position\":1,\"name\":\"Home\",\"item\":\"https:\/\/www.mesrideaux.fr\/blog\/\"},{\"@type\":\"ListItem\",\"position\":2,\"name\":\"Nos fleurs pour le printemps\"}]},{\"@type\":\"WebSite\",\"@id\":\"https:\/\/www.mesrideaux.fr\/blog\/#website\",\"url\":\"https:\/\/www.mesrideaux.fr\/blog\/\",\"name\":\"Mes Rideaux Blog\",\"description\":\"Un site utilisant WordPress\",\"potentialAction\":[{\"@type\":\"SearchAction\",\"target\":{\"@type\":\"EntryPoint\",\"urlTemplate\":\"https:\/\/www.mesrideaux.fr\/blog\/?s={search_term_string}\"},\"query-input\":{\"@type\":\"PropertyValueSpecification\",\"valueRequired\":true,\"valueName\":\"search_term_string\"}}],\"inLanguage\":\"fr-FR\"},{\"@type\":\"Person\",\"@id\":\"https:\/\/www.mesrideaux.fr\/blog\/#\/schema\/person\/27c60b0fb63f3b89f288ee64bda16804\",\"name\":\"mesrideauxfrBLOG\",\"image\":{\"@type\":\"ImageObject\",\"inLanguage\":\"fr-FR\",\"@id\":\"https:\/\/www.mesrideaux.fr\/blog\/#\/schema\/person\/image\/\",\"url\":\"https:\/\/secure.gravatar.com\/avatar\/422f6e64a59e8675330c704fe446071c1c8b0c3e40754a3ee5d9cdc27211ba16?s=96&d=mm&r=g\",\"contentUrl\":\"https:\/\/secure.gravatar.com\/avatar\/422f6e64a59e8675330c704fe446071c1c8b0c3e40754a3ee5d9cdc27211ba16?s=96&d=mm&r=g\",\"caption\":\"mesrideauxfrBLOG\"}}]}<\/script>\n<!-- \/ Yoast SEO plugin. -->","yoast_head_json":{"title":"Nos fleurs pour le printemps - Mes Rideaux Blog","description":"Une s\u00e9lection printani\u00e8re de nos plus beaux tissus \u00e0 fleurs en vente sur le site MesRideaux ou \u00e0 confectionner sur mesure","robots":{"index":"index","follow":"follow","max-snippet":"max-snippet:-1","max-image-preview":"max-image-preview:large","max-video-preview":"max-video-preview:-1"},"canonical":"https:\/\/www.mesrideaux.fr\/blog\/nos-fleurs-pour-le-printemps\/","og_locale":"fr_FR","og_type":"article","og_title":"Nos fleurs pour le printemps - Mes Rideaux Blog","og_description":"Une s\u00e9lection printani\u00e8re de nos plus beaux tissus \u00e0 fleurs en vente sur le site MesRideaux ou \u00e0 confectionner sur mesure","og_url":"https:\/\/www.mesrideaux.fr\/blog\/nos-fleurs-pour-le-printemps\/","og_site_name":"Mes Rideaux Blog","article_published_time":"2026-03-12T17:05:26+00:00","article_modified_time":"2026-03-12T17:05:27+00:00","og_image":[{"width":2560,"height":2560,"url":"https:\/\/www.mesrideaux.fr\/blog\/wp-content\/uploads\/2026\/03\/Giverny-pivoine-detail-toiles-de-Mayenne-scaled.jpg","type":"image\/jpeg"}],"author":"mesrideauxfrBLOG","twitter_card":"summary_large_image","twitter_misc":{"Written by":"mesrideauxfrBLOG","Est. reading time":"9 minutes"},"schema":{"@context":"https:\/\/schema.org","@graph":[{"@type":"WebPage","@id":"https:\/\/www.mesrideaux.fr\/blog\/nos-fleurs-pour-le-printemps\/","url":"https:\/\/www.mesrideaux.fr\/blog\/nos-fleurs-pour-le-printemps\/","name":"Nos fleurs pour le printemps - Mes Rideaux Blog","isPartOf":{"@id":"https:\/\/www.mesrideaux.fr\/blog\/#website"},"primaryImageOfPage":{"@id":"https:\/\/www.mesrideaux.fr\/blog\/nos-fleurs-pour-le-printemps\/#primaryimage"},"image":{"@id":"https:\/\/www.mesrideaux.fr\/blog\/nos-fleurs-pour-le-printemps\/#primaryimage"},"thumbnailUrl":"https:\/\/www.mesrideaux.fr\/blog\/wp-content\/uploads\/2026\/03\/Giverny-pivoine-detail-toiles-de-Mayenne-scaled.jpg","datePublished":"2026-03-12T17:05:26+00:00","dateModified":"2026-03-12T17:05:27+00:00","author":{"@id":"https:\/\/www.mesrideaux.fr\/blog\/#\/schema\/person\/27c60b0fb63f3b89f288ee64bda16804"},"description":"Une s\u00e9lection printani\u00e8re de nos plus beaux tissus \u00e0 fleurs en vente sur le site MesRideaux ou \u00e0 confectionner sur mesure","breadcrumb":{"@id":"https:\/\/www.mesrideaux.fr\/blog\/nos-fleurs-pour-le-printemps\/#breadcrumb"},"inLanguage":"fr-FR","potentialAction":[{"@type":"ReadAction","target":["https:\/\/www.mesrideaux.fr\/blog\/nos-fleurs-pour-le-printemps\/"]}]},{"@type":"ImageObject","inLanguage":"fr-FR","@id":"https:\/\/www.mesrideaux.fr\/blog\/nos-fleurs-pour-le-printemps\/#primaryimage","url":"https:\/\/www.mesrideaux.fr\/blog\/wp-content\/uploads\/2026\/03\/Giverny-pivoine-detail-toiles-de-Mayenne-scaled.jpg","contentUrl":"https:\/\/www.mesrideaux.fr\/blog\/wp-content\/uploads\/2026\/03\/Giverny-pivoine-detail-toiles-de-Mayenne-scaled.jpg","width":2560,"height":2560,"caption":"Rideau fleuri Giverny pivoine, toiles de Mayenne"},{"@type":"BreadcrumbList","@id":"https:\/\/www.mesrideaux.fr\/blog\/nos-fleurs-pour-le-printemps\/#breadcrumb","itemListElement":[{"@type":"ListItem","position":1,"name":"Home","item":"https:\/\/www.mesrideaux.fr\/blog\/"},{"@type":"ListItem","position":2,"name":"Nos fleurs pour le printemps"}]},{"@type":"WebSite","@id":"https:\/\/www.mesrideaux.fr\/blog\/#website","url":"https:\/\/www.mesrideaux.fr\/blog\/","name":"Mes Rideaux Blog","description":"Un site utilisant WordPress","potentialAction":[{"@type":"SearchAction","target":{"@type":"EntryPoint","urlTemplate":"https:\/\/www.mesrideaux.fr\/blog\/?s={search_term_string}"},"query-input":{"@type":"PropertyValueSpecification","valueRequired":true,"valueName":"search_term_string"}}],"inLanguage":"fr-FR"},{"@type":"Person","@id":"https:\/\/www.mesrideaux.fr\/blog\/#\/schema\/person\/27c60b0fb63f3b89f288ee64bda16804","name":"mesrideauxfrBLOG","image":{"@type":"ImageObject","inLanguage":"fr-FR","@id":"https:\/\/www.mesrideaux.fr\/blog\/#\/schema\/person\/image\/","url":"https:\/\/secure.gravatar.com\/avatar\/422f6e64a59e8675330c704fe446071c1c8b0c3e40754a3ee5d9cdc27211ba16?s=96&d=mm&r=g","contentUrl":"https:\/\/secure.gravatar.com\/avatar\/422f6e64a59e8675330c704fe446071c1c8b0c3e40754a3ee5d9cdc27211ba16?s=96&d=mm&r=g","caption":"mesrideauxfrBLOG"}}]}},"acf":[],"jetpack_featured_media_url":"https:\/\/www.mesrideaux.fr\/blog\/wp-content\/uploads\/2026\/03\/Giverny-pivoine-detail-toiles-de-Mayenne-scaled.jpg","jetpack_sharing_enabled":true,"_links":{"self":[{"href":"https:\/\/www.mesrideaux.fr\/blog\/wp-json\/wp\/v2\/posts\/9602","targetHints":{"allow":["GET"]}}],"collection":[{"href":"https:\/\/www.mesrideaux.fr\/blog\/wp-json\/wp\/v2\/posts"}],"about":[{"href":"https:\/\/www.mesrideaux.fr\/blog\/wp-json\/wp\/v2\/types\/post"}],"author":[{"embeddable":true,"href":"https:\/\/www.mesrideaux.fr\/blog\/wp-json\/wp\/v2\/users\/2"}],"replies":[{"embeddable":true,"href":"https:\/\/www.mesrideaux.fr\/blog\/wp-json\/wp\/v2\/comments?post=9602"}],"version-history":[{"count":1,"href":"https:\/\/www.mesrideaux.fr\/blog\/wp-json\/wp\/v2\/posts\/9602\/revisions"}],"predecessor-version":[{"id":9616,"href":"https:\/\/www.mesrideaux.fr\/blog\/wp-json\/wp\/v2\/posts\/9602\/revisions\/9616"}],"wp:featuredmedia":[{"embeddable":true,"href":"https:\/\/www.mesrideaux.fr\/blog\/wp-json\/wp\/v2\/media\/9603"}],"wp:attachment":[{"href":"https:\/\/www.mesrideaux.fr\/blog\/wp-json\/wp\/v2\/media?parent=9602"}],"wp:term":[{"taxonomy":"category","embeddable":true,"href":"https:\/\/www.mesrideaux.fr\/blog\/wp-json\/wp\/v2\/categories?post=9602"},{"taxonomy":"post_tag","embeddable":true,"href":"https:\/\/www.mesrideaux.fr\/blog\/wp-json\/wp\/v2\/tags?post=9602"}],"curies":[{"name":"wp","href":"https:\/\/api.w.org\/{rel}","templated":true}]}}