{"id":9732,"date":"2026-04-29T10:00:00","date_gmt":"2026-04-29T08:00:00","guid":{"rendered":"https:\/\/www.mesrideaux.fr\/blog\/?p=9732"},"modified":"2026-04-27T11:41:59","modified_gmt":"2026-04-27T09:41:59","slug":"decoration-exterieur-2026-tendances-vie-grand-air","status":"publish","type":"post","link":"https:\/\/www.mesrideaux.fr\/blog\/decoration-exterieur-2026-tendances-vie-grand-air\/","title":{"rendered":"D\u00e9coration ext\u00e9rieure 2026 : les tendances pour vivre au grand air"},"content":{"rendered":"\n<p>Avec l\u2019arriv\u00e9e des beaux jours, les espaces ext\u00e9rieurs ne se contentent plus d\u2019\u00eatre fonctionnels. Terrasse, <strong>balcon<\/strong>, jardin redeviennent de v\u00e9ritables extensions de la maison. Plus confortables que jamais, plus esth\u00e9tiques et plus durables, ils refl\u00e8tent un art de vivre o\u00f9 l\u2019int\u00e9rieur et l\u2019ext\u00e9rieur se confondent. La <strong>d\u00e9coration ext\u00e9rieure<\/strong> devient alors une vraie priorit\u00e9 pour cr\u00e9er un lieu agr\u00e9able, vivant et personnalis\u00e9.<\/p>\n\n\n\n<h2 class=\"wp-block-heading\">Un outdoor pens\u00e9 comme un salon<\/h2>\n\n\n\n<p>Nos espaces ext\u00e9rieurs sont devenus, un peu plus chaque ann\u00e9e, de v\u00e9ritables pi\u00e8ces de vie. Le <strong>mobilier ext\u00e9rieur<\/strong> se rapproche de celui du salon. On y retrouve des canap\u00e9s profonds, des coussins g\u00e9n\u00e9reux. Pour parfaire la d\u00e9coration, l&rsquo;installation de tapis ext\u00e9rieurs et de luminaires d\u00e9di\u00e9s apporte la touche finale \u00e0 une ambiance conviviale.<\/p>\n\n\n\n<p>Le <strong>salon de jardin<\/strong> ne se limite plus \u00e0 une table et quelques chaises. Il devient un v\u00e9ritable espace de confort, pens\u00e9 pour s\u2019installer dehors du matin au soir, que ce soit pour lire, travailler ou recevoir. Le confort devient donc une priorit\u00e9, avec des assises enveloppantes et des mati\u00e8res textiles inspir\u00e9es de l\u2019int\u00e9rieur, mais con\u00e7ues pour r\u00e9sister aux conditions ext\u00e9rieures comme les <a href=\"https:\/\/www.mesrideaux.fr\/blog\/des-tissus-outdoor-pour-votre-decoration-dexterieur\/\"><strong>tissus d\u2019ext\u00e9rieur<\/strong><\/a>, dits outdoor.<\/p>\n\n\n\n<h2 class=\"wp-block-heading\">Des palettes naturelles et enveloppantes<\/h2>\n\n\n\n<p>C\u00f4t\u00e9 couleurs, la <strong>d\u00e9coration ext\u00e9rieure<\/strong> mise sur des tonalit\u00e9s douces et chaleureuses. Les nuances de terracotta, de sable, de beige ou encore de brun dominent, accompagn\u00e9es de verts subtils comme le sauge, l\u2019olive ou le kaki.<\/p>\n\n\n<div class=\"wp-block-image\">\n<figure class=\"aligncenter size-full\"><a href=\"https:\/\/www.mesrideaux.fr\/coussin-palm-springs-vert-1518091183\"><img decoding=\"async\" width=\"1024\" height=\"1024\" src=\"https:\/\/www.mesrideaux.fr\/blog\/wp-content\/uploads\/2026\/04\/coussin-thevenon-palm-springs-vert-gros-plan.jpg\" alt=\"Coussins Palm spring\" class=\"wp-image-9733\" srcset=\"https:\/\/www.mesrideaux.fr\/blog\/wp-content\/uploads\/2026\/04\/coussin-thevenon-palm-springs-vert-gros-plan.jpg 1024w, https:\/\/www.mesrideaux.fr\/blog\/wp-content\/uploads\/2026\/04\/coussin-thevenon-palm-springs-vert-gros-plan-300x300.jpg 300w, https:\/\/www.mesrideaux.fr\/blog\/wp-content\/uploads\/2026\/04\/coussin-thevenon-palm-springs-vert-gros-plan-100x100.jpg 100w, https:\/\/www.mesrideaux.fr\/blog\/wp-content\/uploads\/2026\/04\/coussin-thevenon-palm-springs-vert-gros-plan-770x770.jpg 770w, https:\/\/www.mesrideaux.fr\/blog\/wp-content\/uploads\/2026\/04\/coussin-thevenon-palm-springs-vert-gros-plan-195x195.jpg 195w, https:\/\/www.mesrideaux.fr\/blog\/wp-content\/uploads\/2026\/04\/coussin-thevenon-palm-springs-vert-gros-plan-293x293.jpg 293w, https:\/\/www.mesrideaux.fr\/blog\/wp-content\/uploads\/2026\/04\/coussin-thevenon-palm-springs-vert-gros-plan-390x390.jpg 390w, https:\/\/www.mesrideaux.fr\/blog\/wp-content\/uploads\/2026\/04\/coussin-thevenon-palm-springs-vert-gros-plan-585x585.jpg 585w, https:\/\/www.mesrideaux.fr\/blog\/wp-content\/uploads\/2026\/04\/coussin-thevenon-palm-springs-vert-gros-plan-900x900.jpg 900w\" sizes=\"(max-width: 1024px) 100vw, 1024px\" \/><\/a><figcaption class=\"wp-element-caption\">Coussins Palm spring<\/figcaption><\/figure><\/div>\n\n\n<p>Ces palettes naturelles sont parfois r\u00e9veill\u00e9es par des touches plus profondes, comme le bordeaux ou des bleus l\u00e9g\u00e8rement poudr\u00e9s, dans un esprit denim. L\u2019ensemble cr\u00e9e une ambiance apaisante, propice \u00e0 la d\u00e9tente, tout en restant \u00e9l\u00e9gante et contemporaine.<\/p>\n\n\n\n<h2 class=\"wp-block-heading\">Le retour des mati\u00e8res brutes et authentiques en d\u00e9coration ext\u00e9rieure<\/h2>\n\n\n\n<p>Les mat\u00e9riaux naturels continuent de s\u2019imposer, mais avec davantage de richesse et de contrastes. Le bois, la pierre ou la c\u00e9ramique s\u2019associent \u00e0 des fibres tress\u00e9es comme le rotin ou les cordages.<\/p>\n\n\n\n<p>L\u2019id\u00e9e n\u2019est plus d\u2019uniformiser, mais de mixer les textures pour structurer les espaces. Une terrasse peut ainsi combiner plusieurs mat\u00e9riaux afin de d\u00e9limiter visuellement les zones repas, d\u00e9tente ou circulation.<\/p>\n\n\n<div class=\"wp-block-image\">\n<figure class=\"aligncenter size-full\"><a href=\"https:\/\/www.mesrideaux.fr\/coussin-cannage-californien-olive-outdoor\"><img decoding=\"async\" width=\"1024\" height=\"1024\" src=\"https:\/\/www.mesrideaux.fr\/blog\/wp-content\/uploads\/2026\/04\/coussin-thevenon-cannage-californien-olive-outdoor-gros-plan.jpg\" alt=\"Coussins Cannage outdoor\" class=\"wp-image-9735\" srcset=\"https:\/\/www.mesrideaux.fr\/blog\/wp-content\/uploads\/2026\/04\/coussin-thevenon-cannage-californien-olive-outdoor-gros-plan.jpg 1024w, https:\/\/www.mesrideaux.fr\/blog\/wp-content\/uploads\/2026\/04\/coussin-thevenon-cannage-californien-olive-outdoor-gros-plan-300x300.jpg 300w, https:\/\/www.mesrideaux.fr\/blog\/wp-content\/uploads\/2026\/04\/coussin-thevenon-cannage-californien-olive-outdoor-gros-plan-100x100.jpg 100w, https:\/\/www.mesrideaux.fr\/blog\/wp-content\/uploads\/2026\/04\/coussin-thevenon-cannage-californien-olive-outdoor-gros-plan-770x770.jpg 770w, https:\/\/www.mesrideaux.fr\/blog\/wp-content\/uploads\/2026\/04\/coussin-thevenon-cannage-californien-olive-outdoor-gros-plan-195x195.jpg 195w, https:\/\/www.mesrideaux.fr\/blog\/wp-content\/uploads\/2026\/04\/coussin-thevenon-cannage-californien-olive-outdoor-gros-plan-500x500.jpg 500w, https:\/\/www.mesrideaux.fr\/blog\/wp-content\/uploads\/2026\/04\/coussin-thevenon-cannage-californien-olive-outdoor-gros-plan-293x293.jpg 293w, https:\/\/www.mesrideaux.fr\/blog\/wp-content\/uploads\/2026\/04\/coussin-thevenon-cannage-californien-olive-outdoor-gros-plan-390x390.jpg 390w, https:\/\/www.mesrideaux.fr\/blog\/wp-content\/uploads\/2026\/04\/coussin-thevenon-cannage-californien-olive-outdoor-gros-plan-585x585.jpg 585w, https:\/\/www.mesrideaux.fr\/blog\/wp-content\/uploads\/2026\/04\/coussin-thevenon-cannage-californien-olive-outdoor-gros-plan-900x900.jpg 900w\" sizes=\"(max-width: 1024px) 100vw, 1024px\" \/><\/a><figcaption class=\"wp-element-caption\">Coussins Cannage outdoor<\/figcaption><\/figure><\/div>\n\n\n<p>En fait, il en va de l\u2019ext\u00e9rieur comme pour l\u2019int\u00e9rieur : la tendance ne va pas vers un assortiment parfait, mais plut\u00f4t vers le caract\u00e8re vivant et personnalis\u00e9.<\/p>\n\n\n\n<h2 class=\"wp-block-heading\">Des formes organiques et du mobilier sculptural<\/h2>\n\n\n\n<p>Le mobilier outdoor adopte des lignes plus douces et plus organiques. Les formes arrondies, les silhouettes basses et les volumes g\u00e9n\u00e9reux dominent, apportant une sensation de confort et de fluidit\u00e9.<\/p>\n\n\n\n<p>Certaines pi\u00e8ces deviennent de v\u00e9ritables \u00e9l\u00e9ments d\u00e9coratifs \u00e0 part enti\u00e8re : fauteuils sculpturaux, chaises longues revisit\u00e9es ou encore rocking chairs modernis\u00e9s s\u2019int\u00e8grent comme des objets design dans le paysage ext\u00e9rieur.<\/p>\n\n\n\n<p>Pour habiller vos chaises longues \u00ab bain de soleil \u00bb et leur apporter un confort plus g\u00e9n\u00e9reux, <strong>MesRideaux<\/strong> confectionne des <a href=\"https:\/\/www.mesrideaux.fr\/autres-confections\/bain-de-soleil.html?srsltid=AfmBOoo08mIgPy5KKbTMIzkscgsQvzomRTshzdAHb0hVLA3cHyggu7ZD\"><strong>coussins ad\u00e9quats<\/strong><\/a> en mousse haute densit\u00e9 sp\u00e9ciale assise. Le coussin de bain de soleil peut \u00eatre r\u00e9alis\u00e9, selon votre choix, d\u2019un seul tenant ou en version articul\u00e9e entre la partie jambes et la partie buste. N\u2019h\u00e9sitez pas \u00e0 nous contacter pour vos projets de <strong>confections sur mesure<\/strong>.<\/p>\n\n\n\n<h2 class=\"wp-block-heading\">Un jardin plus libre et plus vivant<\/h2>\n\n\n\n<p>Les jardins trop parfaitement ma\u00eetris\u00e9s laissent place \u00e0 une esth\u00e9tique plus naturelle. L\u2019inspiration vient des prairies sauvages, avec des plantations plus libres, m\u00ealant fleurs, gramin\u00e9es et plantes aromatiques.<\/p>\n\n\n<div class=\"wp-block-image\">\n<figure class=\"aligncenter size-full\"><a href=\"https:\/\/www.mesrideaux.fr\/coussin-berbere-brique-or-gris-fond-ecru-outdoor\"><img decoding=\"async\" width=\"1024\" height=\"1024\" src=\"https:\/\/www.mesrideaux.fr\/blog\/wp-content\/uploads\/2026\/04\/coussin-berbere.jpg\" alt=\"Coussin Berb\u00e8re\" class=\"wp-image-9741\" srcset=\"https:\/\/www.mesrideaux.fr\/blog\/wp-content\/uploads\/2026\/04\/coussin-berbere.jpg 1024w, https:\/\/www.mesrideaux.fr\/blog\/wp-content\/uploads\/2026\/04\/coussin-berbere-300x300.jpg 300w, https:\/\/www.mesrideaux.fr\/blog\/wp-content\/uploads\/2026\/04\/coussin-berbere-100x100.jpg 100w, https:\/\/www.mesrideaux.fr\/blog\/wp-content\/uploads\/2026\/04\/coussin-berbere-770x770.jpg 770w, https:\/\/www.mesrideaux.fr\/blog\/wp-content\/uploads\/2026\/04\/coussin-berbere-195x195.jpg 195w, https:\/\/www.mesrideaux.fr\/blog\/wp-content\/uploads\/2026\/04\/coussin-berbere-500x500.jpg 500w, https:\/\/www.mesrideaux.fr\/blog\/wp-content\/uploads\/2026\/04\/coussin-berbere-293x293.jpg 293w, https:\/\/www.mesrideaux.fr\/blog\/wp-content\/uploads\/2026\/04\/coussin-berbere-390x390.jpg 390w, https:\/\/www.mesrideaux.fr\/blog\/wp-content\/uploads\/2026\/04\/coussin-berbere-585x585.jpg 585w, https:\/\/www.mesrideaux.fr\/blog\/wp-content\/uploads\/2026\/04\/coussin-berbere-900x900.jpg 900w\" sizes=\"(max-width: 1024px) 100vw, 1024px\" \/><\/a><figcaption class=\"wp-element-caption\">Coussin Berb\u00e8re<\/figcaption><\/figure><\/div>\n\n\n<p>Cette approche privil\u00e9gie les esp\u00e8ces locales et r\u00e9sistantes, favorisant la biodiversit\u00e9 tout en simplifiant l\u2019entretien. Le jardin devient ainsi un espace vivant, \u00e9volutif et plus respectueux de l\u2019environnement.<\/p>\n\n\n\n<h2 class=\"wp-block-heading\">Des espaces multifonctions<\/h2>\n\n\n\n<p>L\u2019ext\u00e9rieur se structure d\u00e9sormais en plusieurs zones, \u00e0 l\u2019image d\u2019un int\u00e9rieur. On y retrouve un <strong>coin repas ext\u00e9rieur<\/strong>, un espace d\u00e9tente, parfois une cuisine ext\u00e9rieure ou m\u00eame un espace d\u00e9di\u00e9 au bien-\u00eatre.<\/p>\n\n\n\n<p>Cette organisation permet d\u2019optimiser chaque m\u00e8tre carr\u00e9 et de r\u00e9pondre \u00e0 diff\u00e9rents usages au fil de la journ\u00e9e. Dans cette logique, l\u2019<strong>am\u00e9nagement ext\u00e9rieur<\/strong> ne se limite plus au choix du mobilier : il permet de composer des zones claires, agr\u00e9ables et adapt\u00e9es aux moments de vie. Le jardin se transforme ainsi en un v\u00e9ritable lieu de vie polyvalent.<\/p>\n\n\n\n<h2 class=\"wp-block-heading\">L\u2019importance des d\u00e9tails d\u00e9coratifs<\/h2>\n\n\n\n<p>Les accessoires jouent un r\u00f4le cl\u00e9 dans l\u2019ambiance g\u00e9n\u00e9rale. Tapis outdoor, lanternes, lampes nomades et coussins apportent du caract\u00e8re et permettent de personnaliser l\u2019espace.<\/p>\n\n\n\n<p>Les motifs font \u00e9galement leur retour, qu\u2019ils soient floraux, ray\u00e9s ou inspir\u00e9s d\u2019ailleurs. Associ\u00e9s \u00e0 des objets vintage ou chin\u00e9s, ils donnent du relief et une identit\u00e9 unique \u00e0 l\u2019espace.<\/p>\n\n\n<div class=\"wp-block-image\">\n<figure class=\"aligncenter size-full\"><a href=\"https:\/\/www.mesrideaux.fr\/rideau-eden-gris-brume\"><img decoding=\"async\" width=\"942\" height=\"942\" src=\"https:\/\/www.mesrideaux.fr\/blog\/wp-content\/uploads\/2026\/04\/rideau-eden.jpg\" alt=\"Rideau Eden Jaune Cognac\" class=\"wp-image-9742\" srcset=\"https:\/\/www.mesrideaux.fr\/blog\/wp-content\/uploads\/2026\/04\/rideau-eden.jpg 942w, https:\/\/www.mesrideaux.fr\/blog\/wp-content\/uploads\/2026\/04\/rideau-eden-300x300.jpg 300w, https:\/\/www.mesrideaux.fr\/blog\/wp-content\/uploads\/2026\/04\/rideau-eden-100x100.jpg 100w, https:\/\/www.mesrideaux.fr\/blog\/wp-content\/uploads\/2026\/04\/rideau-eden-770x770.jpg 770w, https:\/\/www.mesrideaux.fr\/blog\/wp-content\/uploads\/2026\/04\/rideau-eden-195x195.jpg 195w, https:\/\/www.mesrideaux.fr\/blog\/wp-content\/uploads\/2026\/04\/rideau-eden-500x500.jpg 500w, https:\/\/www.mesrideaux.fr\/blog\/wp-content\/uploads\/2026\/04\/rideau-eden-293x293.jpg 293w, https:\/\/www.mesrideaux.fr\/blog\/wp-content\/uploads\/2026\/04\/rideau-eden-390x390.jpg 390w, https:\/\/www.mesrideaux.fr\/blog\/wp-content\/uploads\/2026\/04\/rideau-eden-585x585.jpg 585w, https:\/\/www.mesrideaux.fr\/blog\/wp-content\/uploads\/2026\/04\/rideau-eden-900x900.jpg 900w\" sizes=\"(max-width: 942px) 100vw, 942px\" \/><\/a><figcaption class=\"wp-element-caption\">Rideau Eden Jaune Cognac<\/figcaption><\/figure><\/div>\n\n\n<p>Nous proposons sur notre site MesRideaux un panel de tissus outdoor. Ces derniers sont \u00e9dit\u00e9s par des marques de renom comme Casal, <a href=\"https:\/\/www.mesrideaux.fr\/blog\/thevenon-histoire-de-tissus-seduisants-sous-tous-rapports\/\"><strong>Thevenon<\/strong><\/a> ou encore Pierre Frey. Vous pourrez ainsi faire votre choix parmi des rayures, des faux-unis, des motifs cannage ou des inspirations proven\u00e7ales. Vous pouvez les acheter au m\u00e8tre ou les faire confectionner en coussins carr\u00e9s, coussins rectangulaires, coussins de banquette ext\u00e9rieure, coussins de bain de soleil ou plaids.<\/p>\n\n\n\n<p>Bien choisir son <strong>tissu outdoor<\/strong> est essentiel. Cela permet de cr\u00e9er des assises \u00e0 la fois confortables, r\u00e9sistantes et harmonieuses. Ces am\u00e9nagements conviendront parfaitement \u00e0 une terrasse, un balcon, une banquette ou un espace d\u00e9tente. Pour une <strong>terrasse abrit\u00e9e<\/strong>, certains projets peuvent aussi int\u00e9grer des <a href=\"https:\/\/www.mesrideaux.fr\/rideaux\/tissu-exterieur.html\"><strong>rideaux ext\u00e9rieurs sur mesure<\/strong><\/a> selon l\u2019exposition, l\u2019usage recherch\u00e9 et le niveau de protection souhait\u00e9.<\/p>\n\n\n\n<p>N\u2019h\u00e9sitez pas \u00e0 pratiquer le \u00ab mix and match \u00bb : un coussin palmiers carr\u00e9 et un coussin cannage rectangulaire sur une banquette unie, par exemple. Cr\u00e9ez votre propre histoire !<\/p>\n\n\n\n<h2 class=\"wp-block-heading\">Une approche plus responsable<\/h2>\n\n\n\n<p>Enfin, la dimension \u00e9cologique s\u2019impose comme un pilier incontournable. Les mat\u00e9riaux recycl\u00e9s, le mobilier durable et les d\u00e9marches d\u2019upcycling s\u00e9duisent de plus en plus.<\/p>\n\n\n\n<p>Au-del\u00e0 de l\u2019esth\u00e9tique, il s\u2019agit de concevoir des espaces ext\u00e9rieurs capables de durer dans le temps, tout en limitant leur impact environnemental.<\/p>\n\n\n\n<h2 class=\"wp-block-heading\">Conclusion<\/h2>\n\n\n\n<p>Le printemps-\u00e9t\u00e9 2026 marque une \u00e9volution, dans la continuit\u00e9, dans la mani\u00e8re de concevoir les ext\u00e9rieurs. Plus confortables, plus naturels et plus personnalis\u00e9s, ils deviennent des espaces de vie \u00e0 part enti\u00e8re.<\/p>\n\n\n\n<p>Entre esth\u00e9tique soign\u00e9e, fonctionnalit\u00e9 et engagement durable, la <strong>d\u00e9coration ext\u00e9rieure<\/strong> s\u2019inscrit dans une vision globale de l\u2019habitat, o\u00f9 chaque espace compte.<\/p>\n\n\n\n<p>Profitez au mieux de chaque moment permettant de vivre au grand air : un caf\u00e9 au soleil, un d\u00e9jeuner entre amis, un moment de lecture sur la terrasse, un d\u00eener sous les arbres, une partie de fl\u00e9chettes avec les enfants, cinq minutes pour voir pousser les fleurs avant de partir le matin et peut-\u00eatre un plongeon dans la piscine\u2026 C\u2019est bon pour le moral et la sant\u00e9 !<\/p>\n","protected":false},"excerpt":{"rendered":"<p>Avec l\u2019arriv\u00e9e des beaux jours, les espaces ext\u00e9rieurs ne se contentent plus d\u2019\u00eatre fonctionnels. Terrasse, balcon, jardin redeviennent de v\u00e9ritables extensions de la maison. Plus confortables que jamais, plus esth\u00e9tiques et plus durables, ils refl\u00e8tent un art de vivre o\u00f9 l\u2019int\u00e9rieur et l\u2019ext\u00e9rieur se confondent. La d\u00e9coration ext\u00e9rieure devient alors une vraie priorit\u00e9 pour cr\u00e9er un lieu agr\u00e9able, vivant et personnalis\u00e9. Un outdoor pens\u00e9 comme un salon Nos espaces ext\u00e9rieurs sont devenus, un peu plus chaque ann\u00e9e, de v\u00e9ritables pi\u00e8ces [&hellip;]<\/p>\n","protected":false},"author":2,"featured_media":9743,"comment_status":"closed","ping_status":"closed","sticky":false,"template":"","format":"standard","meta":{"_acf_changed":false,"inline_featured_image":false,"_jetpack_memberships_contains_paid_content":false,"footnotes":""},"categories":[14],"tags":[],"class_list":["post-9732","post","type-post","status-publish","format-standard","has-post-thumbnail","hentry","category-conseils"],"yoast_head":"<!-- This site is optimized with the Yoast SEO plugin v26.1.1 - https:\/\/yoast.com\/wordpress\/plugins\/seo\/ -->\n<title>D\u00e9coration ext\u00e9rieure 2026 : les tendances<\/title>\n<meta name=\"description\" content=\"D\u00e9couvrez les tendances de la d\u00e9coration ext\u00e9rieure 2026. Du mobilier aux tissus outdoor sur mesure, am\u00e9nagez un espace confortable.\" \/>\n<meta name=\"robots\" content=\"index, follow, max-snippet:-1, max-image-preview:large, max-video-preview:-1\" \/>\n<link rel=\"canonical\" href=\"https:\/\/www.mesrideaux.fr\/blog\/decoration-exterieur-2026-tendances-vie-grand-air\/\" \/>\n<meta property=\"og:locale\" content=\"fr_FR\" \/>\n<meta property=\"og:type\" content=\"article\" \/>\n<meta property=\"og:title\" content=\"D\u00e9coration ext\u00e9rieure 2026 : les tendances\" \/>\n<meta property=\"og:description\" content=\"D\u00e9couvrez les tendances de la d\u00e9coration ext\u00e9rieure 2026. Du mobilier aux tissus outdoor sur mesure, am\u00e9nagez un espace confortable.\" \/>\n<meta property=\"og:url\" content=\"https:\/\/www.mesrideaux.fr\/blog\/decoration-exterieur-2026-tendances-vie-grand-air\/\" \/>\n<meta property=\"og:site_name\" content=\"Mes Rideaux Blog\" \/>\n<meta property=\"article:published_time\" content=\"2026-04-29T08:00:00+00:00\" \/>\n<meta property=\"og:image\" content=\"https:\/\/www.mesrideaux.fr\/blog\/wp-content\/uploads\/2026\/04\/decoration-exterieur.jpg\" \/>\n\t<meta property=\"og:image:width\" content=\"1920\" \/>\n\t<meta property=\"og:image:height\" content=\"1072\" \/>\n\t<meta property=\"og:image:type\" content=\"image\/jpeg\" \/>\n<meta name=\"author\" content=\"mesrideauxfrBLOG\" \/>\n<meta name=\"twitter:card\" content=\"summary_large_image\" \/>\n<meta name=\"twitter:label1\" content=\"Written by\" \/>\n\t<meta name=\"twitter:data1\" content=\"mesrideauxfrBLOG\" \/>\n\t<meta name=\"twitter:label2\" content=\"Est. reading time\" \/>\n\t<meta name=\"twitter:data2\" content=\"7 minutes\" \/>\n<script type=\"application\/ld+json\" class=\"yoast-schema-graph\">{\"@context\":\"https:\/\/schema.org\",\"@graph\":[{\"@type\":\"WebPage\",\"@id\":\"https:\/\/www.mesrideaux.fr\/blog\/decoration-exterieur-2026-tendances-vie-grand-air\/\",\"url\":\"https:\/\/www.mesrideaux.fr\/blog\/decoration-exterieur-2026-tendances-vie-grand-air\/\",\"name\":\"D\u00e9coration ext\u00e9rieure 2026 : les tendances\",\"isPartOf\":{\"@id\":\"https:\/\/www.mesrideaux.fr\/blog\/#website\"},\"primaryImageOfPage\":{\"@id\":\"https:\/\/www.mesrideaux.fr\/blog\/decoration-exterieur-2026-tendances-vie-grand-air\/#primaryimage\"},\"image\":{\"@id\":\"https:\/\/www.mesrideaux.fr\/blog\/decoration-exterieur-2026-tendances-vie-grand-air\/#primaryimage\"},\"thumbnailUrl\":\"https:\/\/www.mesrideaux.fr\/blog\/wp-content\/uploads\/2026\/04\/decoration-exterieur.jpg\",\"datePublished\":\"2026-04-29T08:00:00+00:00\",\"author\":{\"@id\":\"https:\/\/www.mesrideaux.fr\/blog\/#\/schema\/person\/27c60b0fb63f3b89f288ee64bda16804\"},\"description\":\"D\u00e9couvrez les tendances de la d\u00e9coration ext\u00e9rieure 2026. Du mobilier aux tissus outdoor sur mesure, am\u00e9nagez un espace confortable.\",\"breadcrumb\":{\"@id\":\"https:\/\/www.mesrideaux.fr\/blog\/decoration-exterieur-2026-tendances-vie-grand-air\/#breadcrumb\"},\"inLanguage\":\"fr-FR\",\"potentialAction\":[{\"@type\":\"ReadAction\",\"target\":[\"https:\/\/www.mesrideaux.fr\/blog\/decoration-exterieur-2026-tendances-vie-grand-air\/\"]}]},{\"@type\":\"ImageObject\",\"inLanguage\":\"fr-FR\",\"@id\":\"https:\/\/www.mesrideaux.fr\/blog\/decoration-exterieur-2026-tendances-vie-grand-air\/#primaryimage\",\"url\":\"https:\/\/www.mesrideaux.fr\/blog\/wp-content\/uploads\/2026\/04\/decoration-exterieur.jpg\",\"contentUrl\":\"https:\/\/www.mesrideaux.fr\/blog\/wp-content\/uploads\/2026\/04\/decoration-exterieur.jpg\",\"width\":1920,\"height\":1072,\"caption\":\"D\u00e9coration ext\u00e9rieure\"},{\"@type\":\"BreadcrumbList\",\"@id\":\"https:\/\/www.mesrideaux.fr\/blog\/decoration-exterieur-2026-tendances-vie-grand-air\/#breadcrumb\",\"itemListElement\":[{\"@type\":\"ListItem\",\"position\":1,\"name\":\"Home\",\"item\":\"https:\/\/www.mesrideaux.fr\/blog\/\"},{\"@type\":\"ListItem\",\"position\":2,\"name\":\"D\u00e9coration ext\u00e9rieure 2026 : les tendances pour vivre au grand air\"}]},{\"@type\":\"WebSite\",\"@id\":\"https:\/\/www.mesrideaux.fr\/blog\/#website\",\"url\":\"https:\/\/www.mesrideaux.fr\/blog\/\",\"name\":\"Mes Rideaux Blog\",\"description\":\"Un site utilisant WordPress\",\"potentialAction\":[{\"@type\":\"SearchAction\",\"target\":{\"@type\":\"EntryPoint\",\"urlTemplate\":\"https:\/\/www.mesrideaux.fr\/blog\/?s={search_term_string}\"},\"query-input\":{\"@type\":\"PropertyValueSpecification\",\"valueRequired\":true,\"valueName\":\"search_term_string\"}}],\"inLanguage\":\"fr-FR\"},{\"@type\":\"Person\",\"@id\":\"https:\/\/www.mesrideaux.fr\/blog\/#\/schema\/person\/27c60b0fb63f3b89f288ee64bda16804\",\"name\":\"mesrideauxfrBLOG\",\"image\":{\"@type\":\"ImageObject\",\"inLanguage\":\"fr-FR\",\"@id\":\"https:\/\/www.mesrideaux.fr\/blog\/#\/schema\/person\/image\/\",\"url\":\"https:\/\/secure.gravatar.com\/avatar\/422f6e64a59e8675330c704fe446071c1c8b0c3e40754a3ee5d9cdc27211ba16?s=96&d=mm&r=g\",\"contentUrl\":\"https:\/\/secure.gravatar.com\/avatar\/422f6e64a59e8675330c704fe446071c1c8b0c3e40754a3ee5d9cdc27211ba16?s=96&d=mm&r=g\",\"caption\":\"mesrideauxfrBLOG\"}}]}<\/script>\n<!-- \/ Yoast SEO plugin. -->","yoast_head_json":{"title":"D\u00e9coration ext\u00e9rieure 2026 : les tendances","description":"D\u00e9couvrez les tendances de la d\u00e9coration ext\u00e9rieure 2026. Du mobilier aux tissus outdoor sur mesure, am\u00e9nagez un espace confortable.","robots":{"index":"index","follow":"follow","max-snippet":"max-snippet:-1","max-image-preview":"max-image-preview:large","max-video-preview":"max-video-preview:-1"},"canonical":"https:\/\/www.mesrideaux.fr\/blog\/decoration-exterieur-2026-tendances-vie-grand-air\/","og_locale":"fr_FR","og_type":"article","og_title":"D\u00e9coration ext\u00e9rieure 2026 : les tendances","og_description":"D\u00e9couvrez les tendances de la d\u00e9coration ext\u00e9rieure 2026. Du mobilier aux tissus outdoor sur mesure, am\u00e9nagez un espace confortable.","og_url":"https:\/\/www.mesrideaux.fr\/blog\/decoration-exterieur-2026-tendances-vie-grand-air\/","og_site_name":"Mes Rideaux Blog","article_published_time":"2026-04-29T08:00:00+00:00","og_image":[{"width":1920,"height":1072,"url":"https:\/\/www.mesrideaux.fr\/blog\/wp-content\/uploads\/2026\/04\/decoration-exterieur.jpg","type":"image\/jpeg"}],"author":"mesrideauxfrBLOG","twitter_card":"summary_large_image","twitter_misc":{"Written by":"mesrideauxfrBLOG","Est. reading time":"7 minutes"},"schema":{"@context":"https:\/\/schema.org","@graph":[{"@type":"WebPage","@id":"https:\/\/www.mesrideaux.fr\/blog\/decoration-exterieur-2026-tendances-vie-grand-air\/","url":"https:\/\/www.mesrideaux.fr\/blog\/decoration-exterieur-2026-tendances-vie-grand-air\/","name":"D\u00e9coration ext\u00e9rieure 2026 : les tendances","isPartOf":{"@id":"https:\/\/www.mesrideaux.fr\/blog\/#website"},"primaryImageOfPage":{"@id":"https:\/\/www.mesrideaux.fr\/blog\/decoration-exterieur-2026-tendances-vie-grand-air\/#primaryimage"},"image":{"@id":"https:\/\/www.mesrideaux.fr\/blog\/decoration-exterieur-2026-tendances-vie-grand-air\/#primaryimage"},"thumbnailUrl":"https:\/\/www.mesrideaux.fr\/blog\/wp-content\/uploads\/2026\/04\/decoration-exterieur.jpg","datePublished":"2026-04-29T08:00:00+00:00","author":{"@id":"https:\/\/www.mesrideaux.fr\/blog\/#\/schema\/person\/27c60b0fb63f3b89f288ee64bda16804"},"description":"D\u00e9couvrez les tendances de la d\u00e9coration ext\u00e9rieure 2026. Du mobilier aux tissus outdoor sur mesure, am\u00e9nagez un espace confortable.","breadcrumb":{"@id":"https:\/\/www.mesrideaux.fr\/blog\/decoration-exterieur-2026-tendances-vie-grand-air\/#breadcrumb"},"inLanguage":"fr-FR","potentialAction":[{"@type":"ReadAction","target":["https:\/\/www.mesrideaux.fr\/blog\/decoration-exterieur-2026-tendances-vie-grand-air\/"]}]},{"@type":"ImageObject","inLanguage":"fr-FR","@id":"https:\/\/www.mesrideaux.fr\/blog\/decoration-exterieur-2026-tendances-vie-grand-air\/#primaryimage","url":"https:\/\/www.mesrideaux.fr\/blog\/wp-content\/uploads\/2026\/04\/decoration-exterieur.jpg","contentUrl":"https:\/\/www.mesrideaux.fr\/blog\/wp-content\/uploads\/2026\/04\/decoration-exterieur.jpg","width":1920,"height":1072,"caption":"D\u00e9coration ext\u00e9rieure"},{"@type":"BreadcrumbList","@id":"https:\/\/www.mesrideaux.fr\/blog\/decoration-exterieur-2026-tendances-vie-grand-air\/#breadcrumb","itemListElement":[{"@type":"ListItem","position":1,"name":"Home","item":"https:\/\/www.mesrideaux.fr\/blog\/"},{"@type":"ListItem","position":2,"name":"D\u00e9coration ext\u00e9rieure 2026 : les tendances pour vivre au grand air"}]},{"@type":"WebSite","@id":"https:\/\/www.mesrideaux.fr\/blog\/#website","url":"https:\/\/www.mesrideaux.fr\/blog\/","name":"Mes Rideaux Blog","description":"Un site utilisant WordPress","potentialAction":[{"@type":"SearchAction","target":{"@type":"EntryPoint","urlTemplate":"https:\/\/www.mesrideaux.fr\/blog\/?s={search_term_string}"},"query-input":{"@type":"PropertyValueSpecification","valueRequired":true,"valueName":"search_term_string"}}],"inLanguage":"fr-FR"},{"@type":"Person","@id":"https:\/\/www.mesrideaux.fr\/blog\/#\/schema\/person\/27c60b0fb63f3b89f288ee64bda16804","name":"mesrideauxfrBLOG","image":{"@type":"ImageObject","inLanguage":"fr-FR","@id":"https:\/\/www.mesrideaux.fr\/blog\/#\/schema\/person\/image\/","url":"https:\/\/secure.gravatar.com\/avatar\/422f6e64a59e8675330c704fe446071c1c8b0c3e40754a3ee5d9cdc27211ba16?s=96&d=mm&r=g","contentUrl":"https:\/\/secure.gravatar.com\/avatar\/422f6e64a59e8675330c704fe446071c1c8b0c3e40754a3ee5d9cdc27211ba16?s=96&d=mm&r=g","caption":"mesrideauxfrBLOG"}}]}},"acf":[],"jetpack_featured_media_url":"https:\/\/www.mesrideaux.fr\/blog\/wp-content\/uploads\/2026\/04\/decoration-exterieur.jpg","jetpack_sharing_enabled":true,"_links":{"self":[{"href":"https:\/\/www.mesrideaux.fr\/blog\/wp-json\/wp\/v2\/posts\/9732","targetHints":{"allow":["GET"]}}],"collection":[{"href":"https:\/\/www.mesrideaux.fr\/blog\/wp-json\/wp\/v2\/posts"}],"about":[{"href":"https:\/\/www.mesrideaux.fr\/blog\/wp-json\/wp\/v2\/types\/post"}],"author":[{"embeddable":true,"href":"https:\/\/www.mesrideaux.fr\/blog\/wp-json\/wp\/v2\/users\/2"}],"replies":[{"embeddable":true,"href":"https:\/\/www.mesrideaux.fr\/blog\/wp-json\/wp\/v2\/comments?post=9732"}],"version-history":[{"count":1,"href":"https:\/\/www.mesrideaux.fr\/blog\/wp-json\/wp\/v2\/posts\/9732\/revisions"}],"predecessor-version":[{"id":9747,"href":"https:\/\/www.mesrideaux.fr\/blog\/wp-json\/wp\/v2\/posts\/9732\/revisions\/9747"}],"wp:featuredmedia":[{"embeddable":true,"href":"https:\/\/www.mesrideaux.fr\/blog\/wp-json\/wp\/v2\/media\/9743"}],"wp:attachment":[{"href":"https:\/\/www.mesrideaux.fr\/blog\/wp-json\/wp\/v2\/media?parent=9732"}],"wp:term":[{"taxonomy":"category","embeddable":true,"href":"https:\/\/www.mesrideaux.fr\/blog\/wp-json\/wp\/v2\/categories?post=9732"},{"taxonomy":"post_tag","embeddable":true,"href":"https:\/\/www.mesrideaux.fr\/blog\/wp-json\/wp\/v2\/tags?post=9732"}],"curies":[{"name":"wp","href":"https:\/\/api.w.org\/{rel}","templated":true}]}}